{"id":2389,"date":"2026-01-30T15:28:41","date_gmt":"2026-01-30T14:28:41","guid":{"rendered":"https:\/\/www.rosahorses.hu\/?p=2389"},"modified":"2026-03-10T14:43:56","modified_gmt":"2026-03-10T13:43:56","slug":"nexus-de-rosa-tovabb-jutott-az-mslt-eloszelekcion","status":"publish","type":"post","link":"https:\/\/www.rosahorses.hu\/en\/2026\/01\/30\/nexus-de-rosa-tovabb-jutott-az-mslt-eloszelekcion\/","title":{"rendered":"Nexus de Rosa selected stallion for the HSH k\u00f6rung!"},"content":{"rendered":"<h2 class=\"wp-block-heading has-base-3-color has-global-color-9-background-color has-text-color has-background has-link-color wp-elements-a49f8117d8d518f545b0168677da09db\">Nexus de Rosa selected stallion for the HSH k\u00f6rung! See you soon in Budapest!<\/h2>\n\n\n\n<div style=\"height:53px\" aria-hidden=\"true\" class=\"wp-block-spacer\"><\/div>\n\n\n\n<p class=\"has-base-3-background-color has-background\"><strong>NEXUS DE ROSA<\/strong> is a 2023-born Oldenburg chestnut stallion. His sire is directly the famous <strong>NEGRO<\/strong>, who can be found in the pedigrees of numerous successful and modern dressage horses today, for example: the sire of <strong>Valegro<\/strong> (winner of the London and Rio Olympics), or he is the dame sire of the new superstar <strong>Glamourdale<\/strong> .<br><strong>NEXUS DE ROSA<\/strong> dam sire is <strong>RITTMEISTRER<\/strong>, who competed successfully in dressage in Hungary with Gy\u00f6rgy Komj\u00e1thy in the saddle.<\/p>\n\n\n\n<div style=\"height:45px\" aria-hidden=\"true\" class=\"wp-block-spacer\"><\/div>\n\n\n<div class=\"wp-block-image\">\n<figure class=\"aligncenter size-large is-resized\"><img loading=\"lazy\" decoding=\"async\" width=\"1024\" height=\"714\" src=\"https:\/\/www.rosahorses.hu\/wp-content\/uploads\/2026\/01\/622507806_1329916862514020_2058889621226603541_n-1024x714.jpg\" alt=\"Nexus de Rosa az MSLT m\u00e9n el\u0151szelekci\u00f3n\" class=\"wp-image-2388\" style=\"aspect-ratio:1.4341900667703285;width:845px;height:auto\" srcset=\"https:\/\/www.rosahorses.hu\/wp-content\/uploads\/2026\/01\/622507806_1329916862514020_2058889621226603541_n-1024x714.jpg 1024w, https:\/\/www.rosahorses.hu\/wp-content\/uploads\/2026\/01\/622507806_1329916862514020_2058889621226603541_n-300x209.jpg 300w, https:\/\/www.rosahorses.hu\/wp-content\/uploads\/2026\/01\/622507806_1329916862514020_2058889621226603541_n-768x536.jpg 768w, https:\/\/www.rosahorses.hu\/wp-content\/uploads\/2026\/01\/622507806_1329916862514020_2058889621226603541_n-1536x1071.jpg 1536w, https:\/\/www.rosahorses.hu\/wp-content\/uploads\/2026\/01\/622507806_1329916862514020_2058889621226603541_n-18x12.jpg 18w, https:\/\/www.rosahorses.hu\/wp-content\/uploads\/2026\/01\/622507806_1329916862514020_2058889621226603541_n.jpg 2048w\" sizes=\"auto, (max-width: 1024px) 100vw, 1024px\" \/><\/figure>\n<\/div>\n\n\n<div style=\"height:68px\" aria-hidden=\"true\" class=\"wp-block-spacer\"><\/div>\n\n\n\n<h2 class=\"wp-block-heading has-text-align-center\">More informations about Nexus de Rosa:<\/h2>\n\n\n\n<div style=\"height:19px\" aria-hidden=\"true\" class=\"wp-block-spacer\"><\/div>\n\n\n<div\n\t\t\t\n\t\t\tclass=\"so-widget-sow-button so-widget-sow-button-flat-749b63f73b61\"\n\t\t\t\n\t\t><div class=\"ow-button-base ow-button-align-center\">\n\t\t\t<a\n\t\t\t\t\thref=\"https:\/\/www.rosahorses.hu\/en\/nexus-de-rosa\/\"\n\t\t\t\t\tclass=\"sowb-button ow-icon-placement-left ow-button-hover\" \t>\n\t\t<span>\n\t\t\t\n\t\t\tNexus de Rosa\t\t<\/span>\n\t\t\t<\/a>\n\t<\/div>\n<\/div>\n\n\n<div style=\"height:41px\" aria-hidden=\"true\" class=\"wp-block-spacer\"><\/div>\n\n\n\n<hr class=\"wp-block-separator has-alpha-channel-opacity\"\/>","protected":false},"excerpt":{"rendered":"<p>Nexus de Rosa tov\u00e1bb jutott az MSLT el\u0151szelekci\u00f3n! Tal\u00e1lkozunk a m\u00e9nvizsg\u00e1n febru\u00e1r 21-\u00e9n Budapesten! NEXUS DE ROSA 2023-as sz\u00fclet\u00e9s\u0171 oldenburgi s\u00e1rga m\u00e9n. Apja k\u00f6zvetlen\u00fcl a h\u00edres NEGRO, aki sz\u00e1mos mai eredm\u00e9nyes \u00e9s modern d\u00edjl\u00f3 pedigr\u00e9j\u00e9ben tal\u00e1lhat\u00f3 meg p\u00e9ld\u00e1ul: Valegro (Londoni \u00e9s Ri\u00f3i olimpia gy\u0151ztese) apja, vagy az \u00faj szuperszt\u00e1r Glamourdale anyai nagyapja.NEXUS DE ROSA anyai &#8230; <a title=\"Nexus de Rosa selected stallion for the HSH k\u00f6rung!\" class=\"read-more\" href=\"https:\/\/www.rosahorses.hu\/en\/2026\/01\/30\/nexus-de-rosa-tovabb-jutott-az-mslt-eloszelekcion\/\" aria-label=\"Read more about Nexus de Rosa tov\u00e1bb jutott az MSLT el\u0151szelekci\u00f3n\">Olvass tov\u00e1bb<\/a><\/p>","protected":false},"author":1,"featured_media":2388,"comment_status":"closed","ping_status":"closed","sticky":false,"template":"","format":"standard","meta":{"footnotes":""},"categories":[54,44],"tags":[35,40,65,23,36,96,70],"class_list":["post-2389","post","type-post","status-publish","format-standard","has-post-thumbnail","hentry","category-hirek-fooldal-home-start-lo-men-fedezomen-stallion-breeding-dressage","category-sport-dijlovaglas-lovaglas-dressage-dressure-reiten-ride-rider-lovas-nyereg-sporttars-lotars","tag-dijlo-dijlovaglas-dressure-dressage","tag-dressage-dressure-dijlovaglas","tag-horse-horses-lo-lovak-pferd-pferde","tag-lo-lovak-lovas-paci-paripa-kanca-csodor-herelt-pejko-zabpusztito-horse-horses-pferd-pferde","tag-lovaglas-lovagol-lovas-pacigol","tag-mslt-magyar-sportlo-sportlotenyesztok-orszagos-egyesulete-menvizsga-eloszelekcio-selektion-stallion-stallionselektion-korung","tag-oldenburger-oldenburg-oldenburgi-pferde-lo"],"yoast_head":"<!-- This site is optimized with the Yoast SEO plugin v24.1 - https:\/\/yoast.com\/wordpress\/plugins\/seo\/ -->\n<title>Nexus de Rosa tov\u00e1bb jutott az MSLT el\u0151szelekci\u00f3n - Rosahorses<\/title>\n<meta name=\"robots\" content=\"index, follow, max-snippet:-1, max-image-preview:large, max-video-preview:-1\" \/>\n<link rel=\"canonical\" href=\"https:\/\/www.rosahorses.hu\/en\/2026\/01\/30\/nexus-de-rosa-tovabb-jutott-az-mslt-eloszelekcion\/\" \/>\n<meta property=\"og:locale\" content=\"en_GB\" \/>\n<meta property=\"og:type\" content=\"article\" \/>\n<meta property=\"og:title\" content=\"Nexus de Rosa tov\u00e1bb jutott az MSLT el\u0151szelekci\u00f3n - Rosahorses\" \/>\n<meta property=\"og:description\" content=\"Nexus de Rosa tov\u00e1bb jutott az MSLT el\u0151szelekci\u00f3n! Tal\u00e1lkozunk a m\u00e9nvizsg\u00e1n febru\u00e1r 21-\u00e9n Budapesten! NEXUS DE ROSA 2023-as sz\u00fclet\u00e9s\u0171 oldenburgi s\u00e1rga m\u00e9n. Apja k\u00f6zvetlen\u00fcl a h\u00edres NEGRO, aki sz\u00e1mos mai eredm\u00e9nyes \u00e9s modern d\u00edjl\u00f3 pedigr\u00e9j\u00e9ben tal\u00e1lhat\u00f3 meg p\u00e9ld\u00e1ul: Valegro (Londoni \u00e9s Ri\u00f3i olimpia gy\u0151ztese) apja, vagy az \u00faj szuperszt\u00e1r Glamourdale anyai nagyapja.NEXUS DE ROSA anyai ... Olvass tov\u00e1bb\" \/>\n<meta property=\"og:url\" content=\"https:\/\/www.rosahorses.hu\/en\/2026\/01\/30\/nexus-de-rosa-tovabb-jutott-az-mslt-eloszelekcion\/\" \/>\n<meta property=\"og:site_name\" content=\"Rosahorses\" \/>\n<meta property=\"article:published_time\" content=\"2026-01-30T14:28:41+00:00\" \/>\n<meta property=\"article:modified_time\" content=\"2026-03-10T13:43:56+00:00\" \/>\n<meta property=\"og:image\" content=\"https:\/\/www.rosahorses.hu\/wp-content\/uploads\/2026\/01\/622507806_1329916862514020_2058889621226603541_n.jpg\" \/>\n\t<meta property=\"og:image:width\" content=\"2048\" \/>\n\t<meta property=\"og:image:height\" content=\"1428\" \/>\n\t<meta property=\"og:image:type\" content=\"image\/jpeg\" \/>\n<meta name=\"author\" content=\"monika.solymosi@gmail.com\" \/>\n<meta name=\"twitter:card\" content=\"summary_large_image\" \/>\n<meta name=\"twitter:label1\" content=\"Written by\" \/>\n\t<meta name=\"twitter:data1\" content=\"\" \/>\n\t<meta name=\"twitter:label2\" content=\"Estimated reading time\" \/>\n\t<meta name=\"twitter:data2\" content=\"1 minute\" \/>\n<script type=\"application\/ld+json\" class=\"yoast-schema-graph\">{\"@context\":\"https:\/\/schema.org\",\"@graph\":[{\"@type\":\"Article\",\"@id\":\"https:\/\/www.rosahorses.hu\/2026\/01\/30\/nexus-de-rosa-tovabb-jutott-az-mslt-eloszelekcion\/#article\",\"isPartOf\":{\"@id\":\"https:\/\/www.rosahorses.hu\/2026\/01\/30\/nexus-de-rosa-tovabb-jutott-az-mslt-eloszelekcion\/\"},\"author\":{\"name\":\"monika.solymosi@gmail.com\",\"@id\":\"https:\/\/www.rosahorses.hu\/#\/schema\/person\/74b9ba83a9cc671a02bd8c09ba2d7c14\"},\"headline\":\"Nexus de Rosa tov\u00e1bb jutott az MSLT el\u0151szelekci\u00f3n\",\"datePublished\":\"2026-01-30T14:28:41+00:00\",\"dateModified\":\"2026-03-10T13:43:56+00:00\",\"mainEntityOfPage\":{\"@id\":\"https:\/\/www.rosahorses.hu\/2026\/01\/30\/nexus-de-rosa-tovabb-jutott-az-mslt-eloszelekcion\/\"},\"wordCount\":119,\"publisher\":{\"@id\":\"https:\/\/www.rosahorses.hu\/#organization\"},\"image\":{\"@id\":\"https:\/\/www.rosahorses.hu\/2026\/01\/30\/nexus-de-rosa-tovabb-jutott-az-mslt-eloszelekcion\/#primaryimage\"},\"thumbnailUrl\":\"https:\/\/www.rosahorses.hu\/wp-content\/uploads\/2026\/01\/622507806_1329916862514020_2058889621226603541_n.jpg\",\"keywords\":[\"d\u00edjl\u00f3\",\"dressage\",\"horse\",\"l\u00f3\",\"lovagl\u00e1s\",\"MSLT - Magyar Sportl\u00f3teny\u00e9szt\u0151k Orsz\u00e1gos Egyes\u00fclete - M\u00e9nvizsga - El\u0151szelekci\u00f3 - K\u00f6rung\",\"oldenburger\"],\"articleSection\":[\"F\u0151oldal H\u00edrek\",\"Sport\"],\"inLanguage\":\"en-GB\"},{\"@type\":\"WebPage\",\"@id\":\"https:\/\/www.rosahorses.hu\/2026\/01\/30\/nexus-de-rosa-tovabb-jutott-az-mslt-eloszelekcion\/\",\"url\":\"https:\/\/www.rosahorses.hu\/2026\/01\/30\/nexus-de-rosa-tovabb-jutott-az-mslt-eloszelekcion\/\",\"name\":\"Nexus de Rosa tov\u00e1bb jutott az MSLT el\u0151szelekci\u00f3n - Rosahorses\",\"isPartOf\":{\"@id\":\"https:\/\/www.rosahorses.hu\/#website\"},\"primaryImageOfPage\":{\"@id\":\"https:\/\/www.rosahorses.hu\/2026\/01\/30\/nexus-de-rosa-tovabb-jutott-az-mslt-eloszelekcion\/#primaryimage\"},\"image\":{\"@id\":\"https:\/\/www.rosahorses.hu\/2026\/01\/30\/nexus-de-rosa-tovabb-jutott-az-mslt-eloszelekcion\/#primaryimage\"},\"thumbnailUrl\":\"https:\/\/www.rosahorses.hu\/wp-content\/uploads\/2026\/01\/622507806_1329916862514020_2058889621226603541_n.jpg\",\"datePublished\":\"2026-01-30T14:28:41+00:00\",\"dateModified\":\"2026-03-10T13:43:56+00:00\",\"breadcrumb\":{\"@id\":\"https:\/\/www.rosahorses.hu\/2026\/01\/30\/nexus-de-rosa-tovabb-jutott-az-mslt-eloszelekcion\/#breadcrumb\"},\"inLanguage\":\"en-GB\",\"potentialAction\":[{\"@type\":\"ReadAction\",\"target\":[\"https:\/\/www.rosahorses.hu\/2026\/01\/30\/nexus-de-rosa-tovabb-jutott-az-mslt-eloszelekcion\/\"]}]},{\"@type\":\"ImageObject\",\"inLanguage\":\"en-GB\",\"@id\":\"https:\/\/www.rosahorses.hu\/2026\/01\/30\/nexus-de-rosa-tovabb-jutott-az-mslt-eloszelekcion\/#primaryimage\",\"url\":\"https:\/\/www.rosahorses.hu\/wp-content\/uploads\/2026\/01\/622507806_1329916862514020_2058889621226603541_n.jpg\",\"contentUrl\":\"https:\/\/www.rosahorses.hu\/wp-content\/uploads\/2026\/01\/622507806_1329916862514020_2058889621226603541_n.jpg\",\"width\":2048,\"height\":1428,\"caption\":\"Nexus de Rosa az MSLT m\u00e9n el\u0151szelekci\u00f3n\"},{\"@type\":\"BreadcrumbList\",\"@id\":\"https:\/\/www.rosahorses.hu\/2026\/01\/30\/nexus-de-rosa-tovabb-jutott-az-mslt-eloszelekcion\/#breadcrumb\",\"itemListElement\":[{\"@type\":\"ListItem\",\"position\":1,\"name\":\"Kezd\u0151lap\",\"item\":\"https:\/\/www.rosahorses.hu\/\"},{\"@type\":\"ListItem\",\"position\":2,\"name\":\"Nexus de Rosa tov\u00e1bb jutott az MSLT el\u0151szelekci\u00f3n\"}]},{\"@type\":\"WebSite\",\"@id\":\"https:\/\/www.rosahorses.hu\/#website\",\"url\":\"https:\/\/www.rosahorses.hu\/\",\"name\":\"Rosahorses\",\"description\":\"\",\"publisher\":{\"@id\":\"https:\/\/www.rosahorses.hu\/#organization\"},\"potentialAction\":[{\"@type\":\"SearchAction\",\"target\":{\"@type\":\"EntryPoint\",\"urlTemplate\":\"https:\/\/www.rosahorses.hu\/?s={search_term_string}\"},\"query-input\":{\"@type\":\"PropertyValueSpecification\",\"valueRequired\":true,\"valueName\":\"search_term_string\"}}],\"inLanguage\":\"en-GB\"},{\"@type\":\"Organization\",\"@id\":\"https:\/\/www.rosahorses.hu\/#organization\",\"name\":\"Rosahorses\",\"url\":\"https:\/\/www.rosahorses.hu\/\",\"logo\":{\"@type\":\"ImageObject\",\"inLanguage\":\"en-GB\",\"@id\":\"https:\/\/www.rosahorses.hu\/#\/schema\/logo\/image\/\",\"url\":\"https:\/\/www.rosahorses.hu\/wp-content\/uploads\/2024\/12\/cropped-191788251_408511676772919_1583792527760674700_n.jpg\",\"contentUrl\":\"https:\/\/www.rosahorses.hu\/wp-content\/uploads\/2024\/12\/cropped-191788251_408511676772919_1583792527760674700_n.jpg\",\"width\":1853,\"height\":849,\"caption\":\"Rosahorses\"},\"image\":{\"@id\":\"https:\/\/www.rosahorses.hu\/#\/schema\/logo\/image\/\"}},{\"@type\":\"Person\",\"@id\":\"https:\/\/www.rosahorses.hu\/#\/schema\/person\/74b9ba83a9cc671a02bd8c09ba2d7c14\",\"name\":\"monika.solymosi@gmail.com\",\"image\":{\"@type\":\"ImageObject\",\"inLanguage\":\"en-GB\",\"@id\":\"https:\/\/www.rosahorses.hu\/#\/schema\/person\/image\/\",\"url\":\"https:\/\/secure.gravatar.com\/avatar\/ed14bf4580ec93dcd8e36b9c8d0b1acbfe48f5339852aa6125739861d4240f9c?s=96&d=mm&r=g\",\"contentUrl\":\"https:\/\/secure.gravatar.com\/avatar\/ed14bf4580ec93dcd8e36b9c8d0b1acbfe48f5339852aa6125739861d4240f9c?s=96&d=mm&r=g\",\"caption\":\"monika.solymosi@gmail.com\"},\"sameAs\":[\"http:\/\/rosahorses.hu\"],\"url\":\"https:\/\/www.rosahorses.hu\/en\/author\/monika-solymosigmail-com\/\"}]}<\/script>\n<!-- \/ Yoast SEO plugin. -->","yoast_head_json":{"title":"Nexus de Rosa tov\u00e1bb jutott az MSLT el\u0151szelekci\u00f3n - Rosahorses","robots":{"index":"index","follow":"follow","max-snippet":"max-snippet:-1","max-image-preview":"max-image-preview:large","max-video-preview":"max-video-preview:-1"},"canonical":"https:\/\/www.rosahorses.hu\/en\/2026\/01\/30\/nexus-de-rosa-tovabb-jutott-az-mslt-eloszelekcion\/","og_locale":"en_GB","og_type":"article","og_title":"Nexus de Rosa tov\u00e1bb jutott az MSLT el\u0151szelekci\u00f3n - Rosahorses","og_description":"Nexus de Rosa tov\u00e1bb jutott az MSLT el\u0151szelekci\u00f3n! Tal\u00e1lkozunk a m\u00e9nvizsg\u00e1n febru\u00e1r 21-\u00e9n Budapesten! NEXUS DE ROSA 2023-as sz\u00fclet\u00e9s\u0171 oldenburgi s\u00e1rga m\u00e9n. Apja k\u00f6zvetlen\u00fcl a h\u00edres NEGRO, aki sz\u00e1mos mai eredm\u00e9nyes \u00e9s modern d\u00edjl\u00f3 pedigr\u00e9j\u00e9ben tal\u00e1lhat\u00f3 meg p\u00e9ld\u00e1ul: Valegro (Londoni \u00e9s Ri\u00f3i olimpia gy\u0151ztese) apja, vagy az \u00faj szuperszt\u00e1r Glamourdale anyai nagyapja.NEXUS DE ROSA anyai ... Olvass tov\u00e1bb","og_url":"https:\/\/www.rosahorses.hu\/en\/2026\/01\/30\/nexus-de-rosa-tovabb-jutott-az-mslt-eloszelekcion\/","og_site_name":"Rosahorses","article_published_time":"2026-01-30T14:28:41+00:00","article_modified_time":"2026-03-10T13:43:56+00:00","og_image":[{"width":2048,"height":1428,"url":"https:\/\/www.rosahorses.hu\/wp-content\/uploads\/2026\/01\/622507806_1329916862514020_2058889621226603541_n.jpg","type":"image\/jpeg"}],"author":"monika.solymosi@gmail.com","twitter_card":"summary_large_image","twitter_misc":{"Written by":false,"Estimated reading time":"1 minute"},"schema":{"@context":"https:\/\/schema.org","@graph":[{"@type":"Article","@id":"https:\/\/www.rosahorses.hu\/2026\/01\/30\/nexus-de-rosa-tovabb-jutott-az-mslt-eloszelekcion\/#article","isPartOf":{"@id":"https:\/\/www.rosahorses.hu\/2026\/01\/30\/nexus-de-rosa-tovabb-jutott-az-mslt-eloszelekcion\/"},"author":{"name":"monika.solymosi@gmail.com","@id":"https:\/\/www.rosahorses.hu\/#\/schema\/person\/74b9ba83a9cc671a02bd8c09ba2d7c14"},"headline":"Nexus de Rosa tov\u00e1bb jutott az MSLT el\u0151szelekci\u00f3n","datePublished":"2026-01-30T14:28:41+00:00","dateModified":"2026-03-10T13:43:56+00:00","mainEntityOfPage":{"@id":"https:\/\/www.rosahorses.hu\/2026\/01\/30\/nexus-de-rosa-tovabb-jutott-az-mslt-eloszelekcion\/"},"wordCount":119,"publisher":{"@id":"https:\/\/www.rosahorses.hu\/#organization"},"image":{"@id":"https:\/\/www.rosahorses.hu\/2026\/01\/30\/nexus-de-rosa-tovabb-jutott-az-mslt-eloszelekcion\/#primaryimage"},"thumbnailUrl":"https:\/\/www.rosahorses.hu\/wp-content\/uploads\/2026\/01\/622507806_1329916862514020_2058889621226603541_n.jpg","keywords":["d\u00edjl\u00f3","dressage","horse","l\u00f3","lovagl\u00e1s","MSLT - Magyar Sportl\u00f3teny\u00e9szt\u0151k Orsz\u00e1gos Egyes\u00fclete - M\u00e9nvizsga - El\u0151szelekci\u00f3 - K\u00f6rung","oldenburger"],"articleSection":["F\u0151oldal H\u00edrek","Sport"],"inLanguage":"en-GB"},{"@type":"WebPage","@id":"https:\/\/www.rosahorses.hu\/2026\/01\/30\/nexus-de-rosa-tovabb-jutott-az-mslt-eloszelekcion\/","url":"https:\/\/www.rosahorses.hu\/2026\/01\/30\/nexus-de-rosa-tovabb-jutott-az-mslt-eloszelekcion\/","name":"Nexus de Rosa tov\u00e1bb jutott az MSLT el\u0151szelekci\u00f3n - Rosahorses","isPartOf":{"@id":"https:\/\/www.rosahorses.hu\/#website"},"primaryImageOfPage":{"@id":"https:\/\/www.rosahorses.hu\/2026\/01\/30\/nexus-de-rosa-tovabb-jutott-az-mslt-eloszelekcion\/#primaryimage"},"image":{"@id":"https:\/\/www.rosahorses.hu\/2026\/01\/30\/nexus-de-rosa-tovabb-jutott-az-mslt-eloszelekcion\/#primaryimage"},"thumbnailUrl":"https:\/\/www.rosahorses.hu\/wp-content\/uploads\/2026\/01\/622507806_1329916862514020_2058889621226603541_n.jpg","datePublished":"2026-01-30T14:28:41+00:00","dateModified":"2026-03-10T13:43:56+00:00","breadcrumb":{"@id":"https:\/\/www.rosahorses.hu\/2026\/01\/30\/nexus-de-rosa-tovabb-jutott-az-mslt-eloszelekcion\/#breadcrumb"},"inLanguage":"en-GB","potentialAction":[{"@type":"ReadAction","target":["https:\/\/www.rosahorses.hu\/2026\/01\/30\/nexus-de-rosa-tovabb-jutott-az-mslt-eloszelekcion\/"]}]},{"@type":"ImageObject","inLanguage":"en-GB","@id":"https:\/\/www.rosahorses.hu\/2026\/01\/30\/nexus-de-rosa-tovabb-jutott-az-mslt-eloszelekcion\/#primaryimage","url":"https:\/\/www.rosahorses.hu\/wp-content\/uploads\/2026\/01\/622507806_1329916862514020_2058889621226603541_n.jpg","contentUrl":"https:\/\/www.rosahorses.hu\/wp-content\/uploads\/2026\/01\/622507806_1329916862514020_2058889621226603541_n.jpg","width":2048,"height":1428,"caption":"Nexus de Rosa az MSLT m\u00e9n el\u0151szelekci\u00f3n"},{"@type":"BreadcrumbList","@id":"https:\/\/www.rosahorses.hu\/2026\/01\/30\/nexus-de-rosa-tovabb-jutott-az-mslt-eloszelekcion\/#breadcrumb","itemListElement":[{"@type":"ListItem","position":1,"name":"Kezd\u0151lap","item":"https:\/\/www.rosahorses.hu\/"},{"@type":"ListItem","position":2,"name":"Nexus de Rosa tov\u00e1bb jutott az MSLT el\u0151szelekci\u00f3n"}]},{"@type":"WebSite","@id":"https:\/\/www.rosahorses.hu\/#website","url":"https:\/\/www.rosahorses.hu\/","name":"Rosahorses","description":"","publisher":{"@id":"https:\/\/www.rosahorses.hu\/#organization"},"potentialAction":[{"@type":"SearchAction","target":{"@type":"EntryPoint","urlTemplate":"https:\/\/www.rosahorses.hu\/?s={search_term_string}"},"query-input":{"@type":"PropertyValueSpecification","valueRequired":true,"valueName":"search_term_string"}}],"inLanguage":"en-GB"},{"@type":"Organization","@id":"https:\/\/www.rosahorses.hu\/#organization","name":"Rosahorses","url":"https:\/\/www.rosahorses.hu\/","logo":{"@type":"ImageObject","inLanguage":"en-GB","@id":"https:\/\/www.rosahorses.hu\/#\/schema\/logo\/image\/","url":"https:\/\/www.rosahorses.hu\/wp-content\/uploads\/2024\/12\/cropped-191788251_408511676772919_1583792527760674700_n.jpg","contentUrl":"https:\/\/www.rosahorses.hu\/wp-content\/uploads\/2024\/12\/cropped-191788251_408511676772919_1583792527760674700_n.jpg","width":1853,"height":849,"caption":"Rosahorses"},"image":{"@id":"https:\/\/www.rosahorses.hu\/#\/schema\/logo\/image\/"}},{"@type":"Person","@id":"https:\/\/www.rosahorses.hu\/#\/schema\/person\/74b9ba83a9cc671a02bd8c09ba2d7c14","name":"monika.solymosi@gmail.com","image":{"@type":"ImageObject","inLanguage":"en-GB","@id":"https:\/\/www.rosahorses.hu\/#\/schema\/person\/image\/","url":"https:\/\/secure.gravatar.com\/avatar\/ed14bf4580ec93dcd8e36b9c8d0b1acbfe48f5339852aa6125739861d4240f9c?s=96&d=mm&r=g","contentUrl":"https:\/\/secure.gravatar.com\/avatar\/ed14bf4580ec93dcd8e36b9c8d0b1acbfe48f5339852aa6125739861d4240f9c?s=96&d=mm&r=g","caption":"monika.solymosi@gmail.com"},"sameAs":["http:\/\/rosahorses.hu"],"url":"https:\/\/www.rosahorses.hu\/en\/author\/monika-solymosigmail-com\/"}]}},"_links":{"self":[{"href":"https:\/\/www.rosahorses.hu\/en\/wp-json\/wp\/v2\/posts\/2389","targetHints":{"allow":["GET"]}}],"collection":[{"href":"https:\/\/www.rosahorses.hu\/en\/wp-json\/wp\/v2\/posts"}],"about":[{"href":"https:\/\/www.rosahorses.hu\/en\/wp-json\/wp\/v2\/types\/post"}],"author":[{"embeddable":true,"href":"https:\/\/www.rosahorses.hu\/en\/wp-json\/wp\/v2\/users\/1"}],"replies":[{"embeddable":true,"href":"https:\/\/www.rosahorses.hu\/en\/wp-json\/wp\/v2\/comments?post=2389"}],"version-history":[{"count":5,"href":"https:\/\/www.rosahorses.hu\/en\/wp-json\/wp\/v2\/posts\/2389\/revisions"}],"predecessor-version":[{"id":2541,"href":"https:\/\/www.rosahorses.hu\/en\/wp-json\/wp\/v2\/posts\/2389\/revisions\/2541"}],"wp:featuredmedia":[{"embeddable":true,"href":"https:\/\/www.rosahorses.hu\/en\/wp-json\/wp\/v2\/media\/2388"}],"wp:attachment":[{"href":"https:\/\/www.rosahorses.hu\/en\/wp-json\/wp\/v2\/media?parent=2389"}],"wp:term":[{"taxonomy":"category","embeddable":true,"href":"https:\/\/www.rosahorses.hu\/en\/wp-json\/wp\/v2\/categories?post=2389"},{"taxonomy":"post_tag","embeddable":true,"href":"https:\/\/www.rosahorses.hu\/en\/wp-json\/wp\/v2\/tags?post=2389"}],"curies":[{"name":"wp","href":"https:\/\/api.w.org\/{rel}","templated":true}]}}