{"id":274,"date":"2024-12-26T15:58:30","date_gmt":"2024-12-26T14:58:30","guid":{"rendered":"http:\/\/rosahorses.hu\/?p=274"},"modified":"2025-09-16T13:24:32","modified_gmt":"2025-09-16T11:24:32","slug":"kamilla-de-rosa-2024es-regionalis-bajnok","status":"publish","type":"post","link":"https:\/\/www.rosahorses.hu\/en\/2024\/12\/26\/kamilla-de-rosa-2024es-regionalis-bajnok\/","title":{"rendered":"Kamilla de Rosa is the 2024 regional champion"},"content":{"rendered":"<h2 class=\"wp-block-heading has-base-3-color has-global-color-9-background-color has-text-color has-background has-link-color wp-elements-8b14da282d4bc8b3f8edcf2443765dd7\">Kamilla de Rosa is the regional champion of 4-year-old horses in 2024<\/h2>\n\n\n\n<p class=\"has-text-align-center has-base-3-background-color has-background\">The pride of our breed, Kamilla de Rosa (Kaiser Karl x F\u00fcrst Romancier) won all 3 of her 3 compatition in this year.<br>In the first compatition, 72.8% performed in Cs\u00f6m\u00f6r, while in the second compatition in Gy\u0151r\u00fajbar\u00e1t, his performance was judged at 79.8%. At the regional championship held in Kisb\u00e1bolna, he could boast of 78.4% result, and with this result he also won the Northwest Hungarian regional 4-year championship title!<\/p>\n\n\n\n<div class=\"wp-block-columns is-layout-flex wp-container-core-columns-is-layout-9d6595d7 wp-block-columns-is-layout-flex\">\n<div class=\"wp-block-column is-layout-flow wp-block-column-is-layout-flow\">\n<figure class=\"wp-block-image size-large\"><img loading=\"lazy\" decoding=\"async\" width=\"1024\" height=\"683\" src=\"https:\/\/www.rosahorses.hu\/wp-content\/uploads\/2024\/12\/WhatsApp-kep-2024-09-25-19.04.40_e195e46f-1024x683.jpg\" alt=\"Kamilla de Rosa versenyen\" class=\"wp-image-394\" srcset=\"https:\/\/www.rosahorses.hu\/wp-content\/uploads\/2024\/12\/WhatsApp-kep-2024-09-25-19.04.40_e195e46f-1024x683.jpg 1024w, https:\/\/www.rosahorses.hu\/wp-content\/uploads\/2024\/12\/WhatsApp-kep-2024-09-25-19.04.40_e195e46f-300x200.jpg 300w, https:\/\/www.rosahorses.hu\/wp-content\/uploads\/2024\/12\/WhatsApp-kep-2024-09-25-19.04.40_e195e46f-768x513.jpg 768w, https:\/\/www.rosahorses.hu\/wp-content\/uploads\/2024\/12\/WhatsApp-kep-2024-09-25-19.04.40_e195e46f-18x12.jpg 18w, https:\/\/www.rosahorses.hu\/wp-content\/uploads\/2024\/12\/WhatsApp-kep-2024-09-25-19.04.40_e195e46f.jpg 1440w\" sizes=\"auto, (max-width: 1024px) 100vw, 1024px\" \/><\/figure>\n<\/div>\n\n\n\n<div class=\"wp-block-column is-layout-flow wp-block-column-is-layout-flow\">\n<figure class=\"wp-block-image size-large\"><img loading=\"lazy\" decoding=\"async\" width=\"1024\" height=\"683\" src=\"https:\/\/www.rosahorses.hu\/wp-content\/uploads\/2024\/12\/image1-1024x683.jpeg\" alt=\"Kamilla de Rosa versenyen\" class=\"wp-image-397\" srcset=\"https:\/\/www.rosahorses.hu\/wp-content\/uploads\/2024\/12\/image1-1024x683.jpeg 1024w, https:\/\/www.rosahorses.hu\/wp-content\/uploads\/2024\/12\/image1-300x200.jpeg 300w, https:\/\/www.rosahorses.hu\/wp-content\/uploads\/2024\/12\/image1-768x512.jpeg 768w, https:\/\/www.rosahorses.hu\/wp-content\/uploads\/2024\/12\/image1-1536x1024.jpeg 1536w, https:\/\/www.rosahorses.hu\/wp-content\/uploads\/2024\/12\/image1-2048x1366.jpeg 2048w, https:\/\/www.rosahorses.hu\/wp-content\/uploads\/2024\/12\/image1-18x12.jpeg 18w\" sizes=\"auto, (max-width: 1024px) 100vw, 1024px\" \/><\/figure>\n<\/div>\n<\/div>\n\n\n\n<p class=\"has-base-3-background-color has-background\"><\/p>","protected":false},"excerpt":{"rendered":"<p>Kamilla de Rosa 2024-ben a 4 \u00e9ves lovak region\u00e1lis bajnoka Teny\u00e9szet\u00fcnk b\u00fcszkes\u00e9ge Kamilla de Rosa (Kaiser Karl x F\u00fcrst Romancier) idei 3 verseny\u00e9b\u0151l mind a 3-at megnyerte.Az els\u0151 versenyen Cs\u00f6m\u00f6r\u00f6n 72,8% teljes\u00edtett, m\u00edg a m\u00e1sodikon Gy\u0151r\u00fajbar\u00e1ton m\u00e1r 79,8% -ra \u00edt\u00e9lt\u00e9k meg a teljes\u00edtm\u00e9ny\u00e9t. A Kisb\u00e1boln\u00e1n tartott region\u00e1lis bajnoks\u00e1gon pedig 78,4% eredm\u00e9nnyel b\u00fcszk\u00e9lkedhetett, \u00e9s ezzel az &#8230; <a title=\"Kamilla de Rosa is the 2024 regional champion\" class=\"read-more\" href=\"https:\/\/www.rosahorses.hu\/en\/2024\/12\/26\/kamilla-de-rosa-2024es-regionalis-bajnok\/\" aria-label=\"Read more about Kamilla de Rosa 2024-es region\u00e1lis bajnok\">Olvass tov\u00e1bb<\/a><\/p>","protected":false},"author":1,"featured_media":394,"comment_status":"open","ping_status":"open","sticky":false,"template":"","format":"standard","meta":{"footnotes":""},"categories":[54,44],"tags":[35,37,38,40,43,75,41,65,74,29,60,23,36,24,73,39,59],"class_list":["post-274","post","type-post","status-publish","format-standard","has-post-thumbnail","hentry","category-hirek-fooldal-home-start-lo-men-fedezomen-stallion-breeding-dressage","category-sport-dijlovaglas-lovaglas-dressage-dressure-reiten-ride-rider-lovas-nyereg-sporttars-lotars","tag-dijlo-dijlovaglas-dressure-dressage","tag-dijlovaglas-dressure-dressage-magasiskola-lokikepzes-kepzes-idomitas-idomitolovaglas-lovaglas-lovasiskola","tag-dijlovas-lovas-equestrian-dressurereiter-dressagerider-idomitolovas-idomito","tag-dressage-dressure-dijlovaglas","tag-eredmenyek","tag-fuerst-romancier-fuerstromancier-furst-romancier-furstromancier-heinrich-furstheinrich-hengst-schockemoehleschockemohle","tag-hirek-hir-hires-aktualis-informacio","tag-horse-horses-lo-lovak-pferd-pferde","tag-kaiserkarl-kaiser-karl-stallion-hengst-krack-krackc-kaiserfranz-kaiser-franz-oldenburger-hengst-sieger-siegerhengst","tag-kanca-lany-lo-stute-stuten-mare-mares","tag-kupak-kupa-verseny-eredmeny-erem-helyezett","tag-lo-lovak-lovas-paci-paripa-kanca-csodor-herelt-pejko-zabpusztito-horse-horses-pferd-pferde","tag-lovaglas-lovagol-lovas-pacigol","tag-lovas-lo-lovak","tag-menes-menek-men-lovak-lo-csiko-csikok","tag-sport","tag-szalagok-szalag-erem"],"yoast_head":"<!-- This site is optimized with the Yoast SEO plugin v24.1 - https:\/\/yoast.com\/wordpress\/plugins\/seo\/ -->\n<title>Kamilla de Rosa 2024-es region\u00e1lis bajnok - Rosahorses<\/title>\n<meta name=\"robots\" content=\"index, follow, max-snippet:-1, max-image-preview:large, max-video-preview:-1\" \/>\n<link rel=\"canonical\" href=\"https:\/\/www.rosahorses.hu\/en\/2024\/12\/26\/kamilla-de-rosa-2024es-regionalis-bajnok\/\" \/>\n<meta property=\"og:locale\" content=\"en_GB\" \/>\n<meta property=\"og:type\" content=\"article\" \/>\n<meta property=\"og:title\" content=\"Kamilla de Rosa 2024-es region\u00e1lis bajnok - Rosahorses\" \/>\n<meta property=\"og:description\" content=\"Kamilla de Rosa 2024-ben a 4 \u00e9ves lovak region\u00e1lis bajnoka Teny\u00e9szet\u00fcnk b\u00fcszkes\u00e9ge Kamilla de Rosa (Kaiser Karl x F\u00fcrst Romancier) idei 3 verseny\u00e9b\u0151l mind a 3-at megnyerte.Az els\u0151 versenyen Cs\u00f6m\u00f6r\u00f6n 72,8% teljes\u00edtett, m\u00edg a m\u00e1sodikon Gy\u0151r\u00fajbar\u00e1ton m\u00e1r 79,8% -ra \u00edt\u00e9lt\u00e9k meg a teljes\u00edtm\u00e9ny\u00e9t. A Kisb\u00e1boln\u00e1n tartott region\u00e1lis bajnoks\u00e1gon pedig 78,4% eredm\u00e9nnyel b\u00fcszk\u00e9lkedhetett, \u00e9s ezzel az ... Olvass tov\u00e1bb\" \/>\n<meta property=\"og:url\" content=\"https:\/\/www.rosahorses.hu\/en\/2024\/12\/26\/kamilla-de-rosa-2024es-regionalis-bajnok\/\" \/>\n<meta property=\"og:site_name\" content=\"Rosahorses\" \/>\n<meta property=\"article:published_time\" content=\"2024-12-26T14:58:30+00:00\" \/>\n<meta property=\"article:modified_time\" content=\"2025-09-16T11:24:32+00:00\" \/>\n<meta property=\"og:image\" content=\"https:\/\/www.rosahorses.hu\/wp-content\/uploads\/2024\/12\/WhatsApp-kep-2024-09-25-19.04.40_e195e46f.jpg\" \/>\n\t<meta property=\"og:image:width\" content=\"1440\" \/>\n\t<meta property=\"og:image:height\" content=\"961\" \/>\n\t<meta property=\"og:image:type\" content=\"image\/jpeg\" \/>\n<meta name=\"author\" content=\"monika.solymosi@gmail.com\" \/>\n<meta name=\"twitter:card\" content=\"summary_large_image\" \/>\n<meta name=\"twitter:label1\" content=\"Written by\" \/>\n\t<meta name=\"twitter:data1\" content=\"\" \/>\n\t<meta name=\"twitter:label2\" content=\"Estimated reading time\" \/>\n\t<meta name=\"twitter:data2\" content=\"1 minute\" \/>\n<script type=\"application\/ld+json\" class=\"yoast-schema-graph\">{\"@context\":\"https:\/\/schema.org\",\"@graph\":[{\"@type\":\"Article\",\"@id\":\"https:\/\/www.rosahorses.hu\/2024\/12\/26\/kamilla-de-rosa-2024es-regionalis-bajnok\/#article\",\"isPartOf\":{\"@id\":\"https:\/\/www.rosahorses.hu\/2024\/12\/26\/kamilla-de-rosa-2024es-regionalis-bajnok\/\"},\"author\":{\"name\":\"monika.solymosi@gmail.com\",\"@id\":\"https:\/\/www.rosahorses.hu\/#\/schema\/person\/74b9ba83a9cc671a02bd8c09ba2d7c14\"},\"headline\":\"Kamilla de Rosa 2024-es region\u00e1lis bajnok\",\"datePublished\":\"2024-12-26T14:58:30+00:00\",\"dateModified\":\"2025-09-16T11:24:32+00:00\",\"mainEntityOfPage\":{\"@id\":\"https:\/\/www.rosahorses.hu\/2024\/12\/26\/kamilla-de-rosa-2024es-regionalis-bajnok\/\"},\"wordCount\":102,\"commentCount\":0,\"publisher\":{\"@id\":\"https:\/\/www.rosahorses.hu\/#organization\"},\"image\":{\"@id\":\"https:\/\/www.rosahorses.hu\/2024\/12\/26\/kamilla-de-rosa-2024es-regionalis-bajnok\/#primaryimage\"},\"thumbnailUrl\":\"https:\/\/www.rosahorses.hu\/wp-content\/uploads\/2024\/12\/WhatsApp-kep-2024-09-25-19.04.40_e195e46f.jpg\",\"keywords\":[\"d\u00edjl\u00f3\",\"d\u00edjlovagl\u00e1s\",\"d\u00edjlovas\",\"dressage\",\"eredm\u00e9nyek\",\"F\u00fcrst Romancier\",\"h\u00edrek\",\"horse\",\"kaiser karl\",\"kanca\",\"kup\u00e1k\",\"l\u00f3\",\"lovagl\u00e1s\",\"lovas\",\"m\u00e9nes\",\"sport\",\"szalagok\"],\"articleSection\":[\"F\u0151oldal H\u00edrek\",\"Sport\"],\"inLanguage\":\"en-GB\"},{\"@type\":\"WebPage\",\"@id\":\"https:\/\/www.rosahorses.hu\/2024\/12\/26\/kamilla-de-rosa-2024es-regionalis-bajnok\/\",\"url\":\"https:\/\/www.rosahorses.hu\/2024\/12\/26\/kamilla-de-rosa-2024es-regionalis-bajnok\/\",\"name\":\"Kamilla de Rosa 2024-es region\u00e1lis bajnok - Rosahorses\",\"isPartOf\":{\"@id\":\"https:\/\/www.rosahorses.hu\/#website\"},\"primaryImageOfPage\":{\"@id\":\"https:\/\/www.rosahorses.hu\/2024\/12\/26\/kamilla-de-rosa-2024es-regionalis-bajnok\/#primaryimage\"},\"image\":{\"@id\":\"https:\/\/www.rosahorses.hu\/2024\/12\/26\/kamilla-de-rosa-2024es-regionalis-bajnok\/#primaryimage\"},\"thumbnailUrl\":\"https:\/\/www.rosahorses.hu\/wp-content\/uploads\/2024\/12\/WhatsApp-kep-2024-09-25-19.04.40_e195e46f.jpg\",\"datePublished\":\"2024-12-26T14:58:30+00:00\",\"dateModified\":\"2025-09-16T11:24:32+00:00\",\"breadcrumb\":{\"@id\":\"https:\/\/www.rosahorses.hu\/2024\/12\/26\/kamilla-de-rosa-2024es-regionalis-bajnok\/#breadcrumb\"},\"inLanguage\":\"en-GB\",\"potentialAction\":[{\"@type\":\"ReadAction\",\"target\":[\"https:\/\/www.rosahorses.hu\/2024\/12\/26\/kamilla-de-rosa-2024es-regionalis-bajnok\/\"]}]},{\"@type\":\"ImageObject\",\"inLanguage\":\"en-GB\",\"@id\":\"https:\/\/www.rosahorses.hu\/2024\/12\/26\/kamilla-de-rosa-2024es-regionalis-bajnok\/#primaryimage\",\"url\":\"https:\/\/www.rosahorses.hu\/wp-content\/uploads\/2024\/12\/WhatsApp-kep-2024-09-25-19.04.40_e195e46f.jpg\",\"contentUrl\":\"https:\/\/www.rosahorses.hu\/wp-content\/uploads\/2024\/12\/WhatsApp-kep-2024-09-25-19.04.40_e195e46f.jpg\",\"width\":1440,\"height\":961,\"caption\":\"Kamilla de Rosa versenyen\"},{\"@type\":\"BreadcrumbList\",\"@id\":\"https:\/\/www.rosahorses.hu\/2024\/12\/26\/kamilla-de-rosa-2024es-regionalis-bajnok\/#breadcrumb\",\"itemListElement\":[{\"@type\":\"ListItem\",\"position\":1,\"name\":\"Kezd\u0151lap\",\"item\":\"https:\/\/www.rosahorses.hu\/\"},{\"@type\":\"ListItem\",\"position\":2,\"name\":\"Kamilla de Rosa 2024-es region\u00e1lis bajnok\"}]},{\"@type\":\"WebSite\",\"@id\":\"https:\/\/www.rosahorses.hu\/#website\",\"url\":\"https:\/\/www.rosahorses.hu\/\",\"name\":\"Rosahorses\",\"description\":\"\",\"publisher\":{\"@id\":\"https:\/\/www.rosahorses.hu\/#organization\"},\"potentialAction\":[{\"@type\":\"SearchAction\",\"target\":{\"@type\":\"EntryPoint\",\"urlTemplate\":\"https:\/\/www.rosahorses.hu\/?s={search_term_string}\"},\"query-input\":{\"@type\":\"PropertyValueSpecification\",\"valueRequired\":true,\"valueName\":\"search_term_string\"}}],\"inLanguage\":\"en-GB\"},{\"@type\":\"Organization\",\"@id\":\"https:\/\/www.rosahorses.hu\/#organization\",\"name\":\"Rosahorses\",\"url\":\"https:\/\/www.rosahorses.hu\/\",\"logo\":{\"@type\":\"ImageObject\",\"inLanguage\":\"en-GB\",\"@id\":\"https:\/\/www.rosahorses.hu\/#\/schema\/logo\/image\/\",\"url\":\"https:\/\/www.rosahorses.hu\/wp-content\/uploads\/2024\/12\/cropped-191788251_408511676772919_1583792527760674700_n.jpg\",\"contentUrl\":\"https:\/\/www.rosahorses.hu\/wp-content\/uploads\/2024\/12\/cropped-191788251_408511676772919_1583792527760674700_n.jpg\",\"width\":1853,\"height\":849,\"caption\":\"Rosahorses\"},\"image\":{\"@id\":\"https:\/\/www.rosahorses.hu\/#\/schema\/logo\/image\/\"}},{\"@type\":\"Person\",\"@id\":\"https:\/\/www.rosahorses.hu\/#\/schema\/person\/74b9ba83a9cc671a02bd8c09ba2d7c14\",\"name\":\"monika.solymosi@gmail.com\",\"image\":{\"@type\":\"ImageObject\",\"inLanguage\":\"en-GB\",\"@id\":\"https:\/\/www.rosahorses.hu\/#\/schema\/person\/image\/\",\"url\":\"https:\/\/secure.gravatar.com\/avatar\/ed14bf4580ec93dcd8e36b9c8d0b1acbfe48f5339852aa6125739861d4240f9c?s=96&d=mm&r=g\",\"contentUrl\":\"https:\/\/secure.gravatar.com\/avatar\/ed14bf4580ec93dcd8e36b9c8d0b1acbfe48f5339852aa6125739861d4240f9c?s=96&d=mm&r=g\",\"caption\":\"monika.solymosi@gmail.com\"},\"sameAs\":[\"http:\/\/rosahorses.hu\"],\"url\":\"https:\/\/www.rosahorses.hu\/en\/author\/monika-solymosigmail-com\/\"}]}<\/script>\n<!-- \/ Yoast SEO plugin. -->","yoast_head_json":{"title":"Kamilla de Rosa 2024-es region\u00e1lis bajnok - Rosahorses","robots":{"index":"index","follow":"follow","max-snippet":"max-snippet:-1","max-image-preview":"max-image-preview:large","max-video-preview":"max-video-preview:-1"},"canonical":"https:\/\/www.rosahorses.hu\/en\/2024\/12\/26\/kamilla-de-rosa-2024es-regionalis-bajnok\/","og_locale":"en_GB","og_type":"article","og_title":"Kamilla de Rosa 2024-es region\u00e1lis bajnok - Rosahorses","og_description":"Kamilla de Rosa 2024-ben a 4 \u00e9ves lovak region\u00e1lis bajnoka Teny\u00e9szet\u00fcnk b\u00fcszkes\u00e9ge Kamilla de Rosa (Kaiser Karl x F\u00fcrst Romancier) idei 3 verseny\u00e9b\u0151l mind a 3-at megnyerte.Az els\u0151 versenyen Cs\u00f6m\u00f6r\u00f6n 72,8% teljes\u00edtett, m\u00edg a m\u00e1sodikon Gy\u0151r\u00fajbar\u00e1ton m\u00e1r 79,8% -ra \u00edt\u00e9lt\u00e9k meg a teljes\u00edtm\u00e9ny\u00e9t. A Kisb\u00e1boln\u00e1n tartott region\u00e1lis bajnoks\u00e1gon pedig 78,4% eredm\u00e9nnyel b\u00fcszk\u00e9lkedhetett, \u00e9s ezzel az ... Olvass tov\u00e1bb","og_url":"https:\/\/www.rosahorses.hu\/en\/2024\/12\/26\/kamilla-de-rosa-2024es-regionalis-bajnok\/","og_site_name":"Rosahorses","article_published_time":"2024-12-26T14:58:30+00:00","article_modified_time":"2025-09-16T11:24:32+00:00","og_image":[{"width":1440,"height":961,"url":"https:\/\/www.rosahorses.hu\/wp-content\/uploads\/2024\/12\/WhatsApp-kep-2024-09-25-19.04.40_e195e46f.jpg","type":"image\/jpeg"}],"author":"monika.solymosi@gmail.com","twitter_card":"summary_large_image","twitter_misc":{"Written by":false,"Estimated reading time":"1 minute"},"schema":{"@context":"https:\/\/schema.org","@graph":[{"@type":"Article","@id":"https:\/\/www.rosahorses.hu\/2024\/12\/26\/kamilla-de-rosa-2024es-regionalis-bajnok\/#article","isPartOf":{"@id":"https:\/\/www.rosahorses.hu\/2024\/12\/26\/kamilla-de-rosa-2024es-regionalis-bajnok\/"},"author":{"name":"monika.solymosi@gmail.com","@id":"https:\/\/www.rosahorses.hu\/#\/schema\/person\/74b9ba83a9cc671a02bd8c09ba2d7c14"},"headline":"Kamilla de Rosa 2024-es region\u00e1lis bajnok","datePublished":"2024-12-26T14:58:30+00:00","dateModified":"2025-09-16T11:24:32+00:00","mainEntityOfPage":{"@id":"https:\/\/www.rosahorses.hu\/2024\/12\/26\/kamilla-de-rosa-2024es-regionalis-bajnok\/"},"wordCount":102,"commentCount":0,"publisher":{"@id":"https:\/\/www.rosahorses.hu\/#organization"},"image":{"@id":"https:\/\/www.rosahorses.hu\/2024\/12\/26\/kamilla-de-rosa-2024es-regionalis-bajnok\/#primaryimage"},"thumbnailUrl":"https:\/\/www.rosahorses.hu\/wp-content\/uploads\/2024\/12\/WhatsApp-kep-2024-09-25-19.04.40_e195e46f.jpg","keywords":["d\u00edjl\u00f3","d\u00edjlovagl\u00e1s","d\u00edjlovas","dressage","eredm\u00e9nyek","F\u00fcrst Romancier","h\u00edrek","horse","kaiser karl","kanca","kup\u00e1k","l\u00f3","lovagl\u00e1s","lovas","m\u00e9nes","sport","szalagok"],"articleSection":["F\u0151oldal H\u00edrek","Sport"],"inLanguage":"en-GB"},{"@type":"WebPage","@id":"https:\/\/www.rosahorses.hu\/2024\/12\/26\/kamilla-de-rosa-2024es-regionalis-bajnok\/","url":"https:\/\/www.rosahorses.hu\/2024\/12\/26\/kamilla-de-rosa-2024es-regionalis-bajnok\/","name":"Kamilla de Rosa 2024-es region\u00e1lis bajnok - Rosahorses","isPartOf":{"@id":"https:\/\/www.rosahorses.hu\/#website"},"primaryImageOfPage":{"@id":"https:\/\/www.rosahorses.hu\/2024\/12\/26\/kamilla-de-rosa-2024es-regionalis-bajnok\/#primaryimage"},"image":{"@id":"https:\/\/www.rosahorses.hu\/2024\/12\/26\/kamilla-de-rosa-2024es-regionalis-bajnok\/#primaryimage"},"thumbnailUrl":"https:\/\/www.rosahorses.hu\/wp-content\/uploads\/2024\/12\/WhatsApp-kep-2024-09-25-19.04.40_e195e46f.jpg","datePublished":"2024-12-26T14:58:30+00:00","dateModified":"2025-09-16T11:24:32+00:00","breadcrumb":{"@id":"https:\/\/www.rosahorses.hu\/2024\/12\/26\/kamilla-de-rosa-2024es-regionalis-bajnok\/#breadcrumb"},"inLanguage":"en-GB","potentialAction":[{"@type":"ReadAction","target":["https:\/\/www.rosahorses.hu\/2024\/12\/26\/kamilla-de-rosa-2024es-regionalis-bajnok\/"]}]},{"@type":"ImageObject","inLanguage":"en-GB","@id":"https:\/\/www.rosahorses.hu\/2024\/12\/26\/kamilla-de-rosa-2024es-regionalis-bajnok\/#primaryimage","url":"https:\/\/www.rosahorses.hu\/wp-content\/uploads\/2024\/12\/WhatsApp-kep-2024-09-25-19.04.40_e195e46f.jpg","contentUrl":"https:\/\/www.rosahorses.hu\/wp-content\/uploads\/2024\/12\/WhatsApp-kep-2024-09-25-19.04.40_e195e46f.jpg","width":1440,"height":961,"caption":"Kamilla de Rosa versenyen"},{"@type":"BreadcrumbList","@id":"https:\/\/www.rosahorses.hu\/2024\/12\/26\/kamilla-de-rosa-2024es-regionalis-bajnok\/#breadcrumb","itemListElement":[{"@type":"ListItem","position":1,"name":"Kezd\u0151lap","item":"https:\/\/www.rosahorses.hu\/"},{"@type":"ListItem","position":2,"name":"Kamilla de Rosa 2024-es region\u00e1lis bajnok"}]},{"@type":"WebSite","@id":"https:\/\/www.rosahorses.hu\/#website","url":"https:\/\/www.rosahorses.hu\/","name":"Rosahorses","description":"","publisher":{"@id":"https:\/\/www.rosahorses.hu\/#organization"},"potentialAction":[{"@type":"SearchAction","target":{"@type":"EntryPoint","urlTemplate":"https:\/\/www.rosahorses.hu\/?s={search_term_string}"},"query-input":{"@type":"PropertyValueSpecification","valueRequired":true,"valueName":"search_term_string"}}],"inLanguage":"en-GB"},{"@type":"Organization","@id":"https:\/\/www.rosahorses.hu\/#organization","name":"Rosahorses","url":"https:\/\/www.rosahorses.hu\/","logo":{"@type":"ImageObject","inLanguage":"en-GB","@id":"https:\/\/www.rosahorses.hu\/#\/schema\/logo\/image\/","url":"https:\/\/www.rosahorses.hu\/wp-content\/uploads\/2024\/12\/cropped-191788251_408511676772919_1583792527760674700_n.jpg","contentUrl":"https:\/\/www.rosahorses.hu\/wp-content\/uploads\/2024\/12\/cropped-191788251_408511676772919_1583792527760674700_n.jpg","width":1853,"height":849,"caption":"Rosahorses"},"image":{"@id":"https:\/\/www.rosahorses.hu\/#\/schema\/logo\/image\/"}},{"@type":"Person","@id":"https:\/\/www.rosahorses.hu\/#\/schema\/person\/74b9ba83a9cc671a02bd8c09ba2d7c14","name":"monika.solymosi@gmail.com","image":{"@type":"ImageObject","inLanguage":"en-GB","@id":"https:\/\/www.rosahorses.hu\/#\/schema\/person\/image\/","url":"https:\/\/secure.gravatar.com\/avatar\/ed14bf4580ec93dcd8e36b9c8d0b1acbfe48f5339852aa6125739861d4240f9c?s=96&d=mm&r=g","contentUrl":"https:\/\/secure.gravatar.com\/avatar\/ed14bf4580ec93dcd8e36b9c8d0b1acbfe48f5339852aa6125739861d4240f9c?s=96&d=mm&r=g","caption":"monika.solymosi@gmail.com"},"sameAs":["http:\/\/rosahorses.hu"],"url":"https:\/\/www.rosahorses.hu\/en\/author\/monika-solymosigmail-com\/"}]}},"_links":{"self":[{"href":"https:\/\/www.rosahorses.hu\/en\/wp-json\/wp\/v2\/posts\/274","targetHints":{"allow":["GET"]}}],"collection":[{"href":"https:\/\/www.rosahorses.hu\/en\/wp-json\/wp\/v2\/posts"}],"about":[{"href":"https:\/\/www.rosahorses.hu\/en\/wp-json\/wp\/v2\/types\/post"}],"author":[{"embeddable":true,"href":"https:\/\/www.rosahorses.hu\/en\/wp-json\/wp\/v2\/users\/1"}],"replies":[{"embeddable":true,"href":"https:\/\/www.rosahorses.hu\/en\/wp-json\/wp\/v2\/comments?post=274"}],"version-history":[{"count":8,"href":"https:\/\/www.rosahorses.hu\/en\/wp-json\/wp\/v2\/posts\/274\/revisions"}],"predecessor-version":[{"id":2174,"href":"https:\/\/www.rosahorses.hu\/en\/wp-json\/wp\/v2\/posts\/274\/revisions\/2174"}],"wp:featuredmedia":[{"embeddable":true,"href":"https:\/\/www.rosahorses.hu\/en\/wp-json\/wp\/v2\/media\/394"}],"wp:attachment":[{"href":"https:\/\/www.rosahorses.hu\/en\/wp-json\/wp\/v2\/media?parent=274"}],"wp:term":[{"taxonomy":"category","embeddable":true,"href":"https:\/\/www.rosahorses.hu\/en\/wp-json\/wp\/v2\/categories?post=274"},{"taxonomy":"post_tag","embeddable":true,"href":"https:\/\/www.rosahorses.hu\/en\/wp-json\/wp\/v2\/tags?post=274"}],"curies":[{"name":"wp","href":"https:\/\/api.w.org\/{rel}","templated":true}]}}